{"id":784,"date":"2012-09-20T07:14:14","date_gmt":"2012-09-20T11:14:14","guid":{"rendered":"http:\/\/rsr-crftqmm.org\/?p=784"},"modified":"2012-09-20T07:28:03","modified_gmt":"2012-09-20T11:28:03","slug":"projet-de-loi-c-377","status":"publish","type":"post","link":"https:\/\/rsr-crftqmm.org\/?p=784","title":{"rendered":"Projet de loi C-377"},"content":{"rendered":"<p><font size=\"5px\" color=\"red\">UN SIGNAL D\u2019ALARME!<\/font><\/p>\n<p>Lors de l\u2019assembl\u00e9e g\u00e9n\u00e9rale du Conseil le 11 septembre dernier, nous recevions Johanne Deschamps, conseill\u00e8re politique \u00e0 la FTQ et Alexandre Boulerice, d\u00e9put\u00e9 du Nouveau Parti D\u00e9mocratique (NPD) Rosemont-la-Petite-Patrie, qui ont port\u00e9 \u00e0 notre attention l\u2019extr\u00eame importance de bloquer le projet de loi C-377 du gouvernement Harper. En effet, l\u2019impact d\u2019une telle loi sur la sant\u00e9 financi\u00e8re de nos organisations et la charge de travail de nos militantes, nos militants, des employ\u00e9es et des employ\u00e9s serait \u00e9norme. <\/p>\n<p><font size=\"5px\" color=\"red\">PASSONS \u00c0 L\u2019ACTION!<\/font><\/p>\n<p>Que pouvons-nous faire pour exprimer clairement notre opposition \u00e0 ce projet de loi?<\/p>\n<p>Vous trouverez <strong><a href=\".\/2012-09-audepute-c377-1.doc\" target=\"_blank\">un mod\u00e8le de lettre<\/a><\/strong> \u00e0 faire parvenir aux d\u00e9put\u00e9s conservateurs et lib\u00e9raux qui seront appel\u00e9s \u00e0 voter bient\u00f4t sur ce projet de loi priv\u00e9 qui est donc soustrait \u00e0 l\u2019obligation de suivre la ligne de parti.<\/p>\n<p>Vous trouverez \u00e9galement un <strong><a href=\".\/2012-09-points-de-discussions-c-377.pdf\" target=\"_blank\">document \u00e9num\u00e9rant les arguments<\/a><\/strong> justifiant notre opposition. Vous pouvez utiliser cet argumentaire pour sensibiliser vos membres et r\u00e9pondre \u00e0 leurs questions. Certaines radios poubelles de la r\u00e9gion de Montr\u00e9al commencent \u00e0 promouvoir l\u2019id\u00e9e d\u2019une r\u00e9glementation accrue visant les organisations syndicales d\u2019o\u00f9 l\u2019importance de nous outiller pour d\u00e9fendre nos positions.<\/p>\n<p>Pour vous faciliter la t\u00e2che, voici les coordonn\u00e9es des d\u00e9put\u00e9s qui sont sur le territoire du Conseil :<\/p>\n<table>\n<tr>\n<td>M. Denis Coderre<br \/>\nD\u00e9put\u00e9 Lib\u00e9ral, Bourassa<br \/>\n4975, rue Charleroi<br \/>\nMontr\u00e9al-Nord, Qu\u00e9bec H1G 2Z2<br \/>\n<a href=\"mailto:coderd1@parl.gc.ca\">coderd1@parl.gc.ca<\/a><\/td>\n<td>\nM. Irwin Cotler<br \/>\nD\u00e9put\u00e9 Lib\u00e9ral, Mont-Royal<br \/>\n4770, avenue Kent, bureau 316<br \/>\nMontr\u00e9al, Qu\u00e9bec H3W 1H2<br \/>\n<a href=\"mailto:irwin.cotler@parl.gc.ca\">irwin.cotler@parl.gc.ca<\/a>\n<\/td>\n<\/tr>\n<tr>\n<td>\nM. St\u00e9phane Dion<br \/>\nD\u00e9put\u00e9 Lib\u00e9ral, Saint-Laurent\/Cartierville<br \/>\n750, boulevard Marcel-Laurin, bureau 440<br \/>\nSaint-Laurent, Qu\u00e9bec H4M 2M4<br \/>\n<a href=\"mailto:stephane.dion@parl.gc.ca\">stephane.dion@parl.gc.ca<\/a>\n<\/td>\n<td>\nM. Marc Garneau<br \/>\nD\u00e9put\u00e9 Lib\u00e9ral, Westmount\/Ville-Marie<br \/>\n4060, rue Ste-Catherine Ouest, bureau 340<br \/>\nMontr\u00e9al, Qu\u00e9bec H3Z 2Z3<br \/>\n<a href=\"mailto:marc.garneau@parl.gc.ca\">marc.garneau@parl.gc.ca<\/a>\n<\/td>\n<\/tr>\n<tr>\n<td>\nM. Massimo Pacetti<br \/>\nD\u00e9put\u00e9 Lib\u00e9ral, Saint-L\u00e9onard\/Saint-Michel<br \/>\n5450, rue Jarry Est, bureau 102<br \/>\nSaint-L\u00e9onard, Qu\u00e9bec H1P 1T9<br \/>\n<a href=\"mailto:massimo.pacetti@parl.gc.ca\">massimo.pacetti@parl.gc.ca<\/a>\n<\/td>\n<td>\nM. Francis Scarpaleggia<br \/>\nD\u00e9put\u00e9 Lib\u00e9ral, Lac Saint-Louis, Tour Est<br \/>\n1, avenue Holiday, bureau 635<br \/>\nPointe-Claire, Qu\u00e9bec H9R 5N3<br \/>\n<a href=\"mailto:francis.scarpaleggia@parl.gc.ca\">francis.scarpaleggia@parl.gc.ca<\/a>\n<\/td>\n<\/tr>\n<tr>\n<td>\nM. Justin Trudeau<br \/>\nD\u00e9put\u00e9 Lib\u00e9ral, Papineau<br \/>\n529, rue Jarry Est, bureau 302<br \/>\nMontr\u00e9al, Qu\u00e9bec H2P 1V4<br \/>\n<a href=\"mailto:justin.trudeau@parl.gc.ca\">justin.trudeau@parl.gc.ca<\/a>\n<\/td>\n<td>&nbsp;<\/td>\n<\/tr>\n<\/table>\n<p>Solidairement,<\/p>\n<table width=\"410px\">\n<tr>\n<td width=\"200px\">Le pr\u00e9sident du conseil,<\/td>\n<td align=\"right\">La secr\u00e9taire g\u00e9n\u00e9rale du conseil,<\/td>\n<\/tr>\n<tr>\n<td>Michel Ducharme<\/td>\n<td align=\"right\" width=\"210px\">Danielle Casara<\/td>\n<\/tr>\n<\/table>\n","protected":false},"excerpt":{"rendered":"<p>UN SIGNAL D\u2019ALARME! Lors de l\u2019assembl\u00e9e g\u00e9n\u00e9rale du Conseil le 11 septembre dernier, nous recevions Johanne Deschamps, conseill\u00e8re politique \u00e0 la FTQ et Alexandre Boulerice, d\u00e9put\u00e9 du Nouveau Parti D\u00e9mocratique (NPD) Rosemont-la-Petite-Patrie, qui ont port\u00e9 \u00e0 notre attention l\u2019extr\u00eame importance &hellip; <a href=\"https:\/\/rsr-crftqmm.org\/?p=784\">Continuer la lecture <span class=\"meta-nav\">&rarr;<\/span><\/a><\/p>\n","protected":false},"author":3,"featured_media":0,"comment_status":"open","ping_status":"open","sticky":false,"template":"","format":"standard","meta":{"footnotes":""},"categories":[7,17],"tags":[],"class_list":["post-784","post","type-post","status-publish","format-standard","hentry","category-affairesgouvernementales","category-petition"],"_links":{"self":[{"href":"https:\/\/rsr-crftqmm.org\/index.php?rest_route=\/wp\/v2\/posts\/784","targetHints":{"allow":["GET"]}}],"collection":[{"href":"https:\/\/rsr-crftqmm.org\/index.php?rest_route=\/wp\/v2\/posts"}],"about":[{"href":"https:\/\/rsr-crftqmm.org\/index.php?rest_route=\/wp\/v2\/types\/post"}],"author":[{"embeddable":true,"href":"https:\/\/rsr-crftqmm.org\/index.php?rest_route=\/wp\/v2\/users\/3"}],"replies":[{"embeddable":true,"href":"https:\/\/rsr-crftqmm.org\/index.php?rest_route=%2Fwp%2Fv2%2Fcomments&post=784"}],"version-history":[{"count":0,"href":"https:\/\/rsr-crftqmm.org\/index.php?rest_route=\/wp\/v2\/posts\/784\/revisions"}],"wp:attachment":[{"href":"https:\/\/rsr-crftqmm.org\/index.php?rest_route=%2Fwp%2Fv2%2Fmedia&parent=784"}],"wp:term":[{"taxonomy":"category","embeddable":true,"href":"https:\/\/rsr-crftqmm.org\/index.php?rest_route=%2Fwp%2Fv2%2Fcategories&post=784"},{"taxonomy":"post_tag","embeddable":true,"href":"https:\/\/rsr-crftqmm.org\/index.php?rest_route=%2Fwp%2Fv2%2Ftags&post=784"}],"curies":[{"name":"wp","href":"https:\/\/api.w.org\/{rel}","templated":true}]}}