{"id":2453,"date":"2018-02-22T12:14:29","date_gmt":"2018-02-22T17:14:29","guid":{"rendered":"http:\/\/rsr-crftqmm.org\/?p=2453"},"modified":"2018-02-22T12:14:29","modified_gmt":"2018-02-22T17:14:29","slug":"pour-un-reflexe-aine-au-quotidien","status":"publish","type":"post","link":"https:\/\/rsr-crftqmm.org\/?p=2453","title":{"rendered":"Pour un r\u00e9flexe a\u00een\u00e9 au quotidien."},"content":{"rendered":"<p><a href=\"https:\/\/rsr-crftqmm.org\/wp-content\/uploads\/2018-tcaim.gif\"><img loading=\"lazy\" decoding=\"async\" src=\"https:\/\/rsr-crftqmm.org\/wp-content\/uploads\/2018-tcaim.gif\" alt=\"Table de Concertation des A\u00een\u00e9s de l&#039;\u00cele de Montr\u00e9al\" width=\"271\" height=\"126\" class=\"aligncenter size-full wp-image-2454\" \/><\/a><\/p>\n<p><strong>Forum maltraitance mat\u00e9rielle et financi\u00e8re envers les personnes a\u00een\u00e9es<\/strong><\/p>\n<p>Ce forum r\u00e9unira des intervenants du secteur financier, juridique, gouvernemental et de la recherche ainsi que ceux des organisations qui d\u00e9fendent et repr\u00e9sentent les personnes a\u00een\u00e9es de partout au Qu\u00e9bec. Il sera l\u2019occasion de cr\u00e9er un dialogue et de d\u00e9gager des pistes de solution pour lutter contre la maltraitance mat\u00e9rielle et financi\u00e8re envers les personnes a\u00een\u00e9es.<\/p>\n<p>Ce forum est l\u2019une des mesures pr\u00e9vues au Plan d\u2019action gouvernemental pour contrer la maltraitance envers les personnes a\u00een\u00e9es 2017-2022. En inscrivant la lutte contre la maltraitance dans l\u2019espace public, le gouvernement du Qu\u00e9bec souhaite contribuer activement \u00e0 cr\u00e9er une soci\u00e9t\u00e9 plus respectueuse des personnes a\u00een\u00e9es, plus inclusive et exempte de violence.<\/p>\n<p>Trois grands th\u00e8mes y seront abord\u00e9s :<br \/>\n\u2022\tInformer sur la maltraitance mat\u00e9rielle et financi\u00e8re et pr\u00e9venir celle-ci<br \/>\n\u2022\tRep\u00e9rer la maltraitance mat\u00e9rielle et financi\u00e8re<br \/>\n\u2022\tIntervenir en cas de maltraitance mat\u00e9rielle et financi\u00e8re<\/p>\n<p><strong><a href=\"http:\/\/tcaim.org\/infolettre\/infolettre22fevrier2018.html\" target=\"_blank\">Lire la suite<\/a><\/strong><\/p>\n","protected":false},"excerpt":{"rendered":"<p>Forum maltraitance mat\u00e9rielle et financi\u00e8re envers les personnes a\u00een\u00e9es Ce forum r\u00e9unira des intervenants du secteur financier, juridique, gouvernemental et de la recherche ainsi que ceux des organisations qui d\u00e9fendent et repr\u00e9sentent les personnes a\u00een\u00e9es de partout au Qu\u00e9bec. Il &hellip; <a href=\"https:\/\/rsr-crftqmm.org\/?p=2453\">Continuer la lecture <span class=\"meta-nav\">&rarr;<\/span><\/a><\/p>\n","protected":false},"author":262,"featured_media":0,"comment_status":"closed","ping_status":"closed","sticky":false,"template":"","format":"standard","meta":{"footnotes":""},"categories":[127,126],"tags":[],"class_list":["post-2453","post","type-post","status-publish","format-standard","hentry","category-forum","category-maltraitance"],"_links":{"self":[{"href":"https:\/\/rsr-crftqmm.org\/index.php?rest_route=\/wp\/v2\/posts\/2453","targetHints":{"allow":["GET"]}}],"collection":[{"href":"https:\/\/rsr-crftqmm.org\/index.php?rest_route=\/wp\/v2\/posts"}],"about":[{"href":"https:\/\/rsr-crftqmm.org\/index.php?rest_route=\/wp\/v2\/types\/post"}],"author":[{"embeddable":true,"href":"https:\/\/rsr-crftqmm.org\/index.php?rest_route=\/wp\/v2\/users\/262"}],"replies":[{"embeddable":true,"href":"https:\/\/rsr-crftqmm.org\/index.php?rest_route=%2Fwp%2Fv2%2Fcomments&post=2453"}],"version-history":[{"count":0,"href":"https:\/\/rsr-crftqmm.org\/index.php?rest_route=\/wp\/v2\/posts\/2453\/revisions"}],"wp:attachment":[{"href":"https:\/\/rsr-crftqmm.org\/index.php?rest_route=%2Fwp%2Fv2%2Fmedia&parent=2453"}],"wp:term":[{"taxonomy":"category","embeddable":true,"href":"https:\/\/rsr-crftqmm.org\/index.php?rest_route=%2Fwp%2Fv2%2Fcategories&post=2453"},{"taxonomy":"post_tag","embeddable":true,"href":"https:\/\/rsr-crftqmm.org\/index.php?rest_route=%2Fwp%2Fv2%2Ftags&post=2453"}],"curies":[{"name":"wp","href":"https:\/\/api.w.org\/{rel}","templated":true}]}}